{"id":4459,"date":"2026-04-15T22:47:48","date_gmt":"2026-04-15T19:47:48","guid":{"rendered":"https:\/\/ttp.ee\/?p=4459"},"modified":"2026-04-15T22:59:44","modified_gmt":"2026-04-15T19:59:44","slug":"galerii-3-arendajat-voimestavad-magalat-vaata-mis-sinna-tuleb","status":"publish","type":"post","link":"https:\/\/ttp.ee\/eng\/galerii-3-arendajat-voimestavad-magalat-vaata-mis-sinna-tuleb\/","title":{"rendered":"Galerii: 3 arendajat v\u00f5imestavad magalat &#8211; vaata, mis sinna tuleb"},"content":{"rendered":"<div data-elementor-type=\"wp-post\" data-elementor-id=\"4459\" class=\"elementor elementor-4459\" data-elementor-post-type=\"post\">\n\t\t\t\t<div class=\"elementor-element elementor-element-dab410a e-flex e-con-boxed e-con e-parent\" data-id=\"dab410a\" data-element_type=\"container\" data-e-type=\"container\">\n\t\t\t\t\t<div class=\"e-con-inner\">\n\t\t\t\t<div class=\"elementor-element elementor-element-2254ffb elementor-widget elementor-widget-text-editor\" data-id=\"2254ffb\" data-element_type=\"widget\" data-e-type=\"widget\" data-widget_type=\"text-editor.default\">\n\t\t\t\t\t\t\t\t\t<p class=\"p1\">See meenutab m\u00f5neti Harju KEKi,\u00a0<a href=\"https:\/\/www.kinnisvarauudised.ee\/uudised\/2026\/03\/06\/arendaja-keila-murrab-valja-tallinna-magala-rollist\" target=\"_blank\" rel=\"noopener\"><span class=\"s1\">kes vormib Keilast kui Tallinna magalast iseseisvat \u201eviie kuni seitsme minuti linna\u201c<\/span><\/a>. Mustam\u00e4e S\u00fcdame nime kandva 55 000-ruuduse arenduse arendajad Mustam\u00e4e Keskus, TTP ja Scandium Kinnisvara p\u00fc\u00fcavad midagi sarnast siis Tallinna \u00fches vanemas linnaosas. Kui Keilal on letti k\u00e4ia ajaloolise keskusega linnakude, siis pealinna okupatsiooniaegses valdavalt paneellinnakus on v\u00f5imalused teised.<\/p>\t\t\t\t\t\t\t\t<\/div>\n\t\t\t\t\t<\/div>\n\t\t\t\t<\/div>\n\t\t<div class=\"elementor-element elementor-element-78d1355 e-flex e-con-boxed e-con e-parent\" data-id=\"78d1355\" data-element_type=\"container\" data-e-type=\"container\">\n\t\t\t\t\t<div class=\"e-con-inner\">\n\t\t\t\t<div class=\"elementor-element elementor-element-b5e6713 elementor-widget elementor-widget-image\" data-id=\"b5e6713\" data-element_type=\"widget\" data-e-type=\"widget\" data-widget_type=\"image.default\">\n\t\t\t\t\t\t\t\t\t\t\t\t\t\t\t<img fetchpriority=\"high\" decoding=\"async\" width=\"1024\" height=\"576\" src=\"https:\/\/ttp.ee\/wp-content\/uploads\/2026\/04\/uusarendus-Tallinnas-1024x576.jpg\" class=\"attachment-large size-large wp-image-4462\" alt=\"\" srcset=\"https:\/\/ttp.ee\/wp-content\/uploads\/2026\/04\/uusarendus-Tallinnas-1024x576.jpg 1024w, https:\/\/ttp.ee\/wp-content\/uploads\/2026\/04\/uusarendus-Tallinnas-300x169.jpg 300w, https:\/\/ttp.ee\/wp-content\/uploads\/2026\/04\/uusarendus-Tallinnas-768x432.jpg 768w, https:\/\/ttp.ee\/wp-content\/uploads\/2026\/04\/uusarendus-Tallinnas-18x10.jpg 18w, https:\/\/ttp.ee\/wp-content\/uploads\/2026\/04\/uusarendus-Tallinnas.jpg 1280w\" sizes=\"(max-width: 1024px) 100vw, 1024px\" \/>\t\t\t\t\t\t\t\t\t\t\t\t\t\t\t<\/div>\n\t\t\t\t\t<\/div>\n\t\t\t\t<\/div>\n\t\t<div class=\"elementor-element elementor-element-57b8f5a e-flex e-con-boxed e-con e-parent\" data-id=\"57b8f5a\" data-element_type=\"container\" data-e-type=\"container\">\n\t\t\t\t\t<div class=\"e-con-inner\">\n\t\t\t\t<div class=\"elementor-element elementor-element-74637dc elementor-widget elementor-widget-text-editor\" data-id=\"74637dc\" data-element_type=\"widget\" data-e-type=\"widget\" data-widget_type=\"text-editor.default\">\n\t\t\t\t\t\t\t\t\t<p>Siin arenduses p\u00fc\u00fcavad arendajad rakendada 5-minuti linna p\u00f5him\u00f5tet. Arendus peaks valmima 2027. aasta l\u00f5puks. Haakumine \u00fcmbritseva linnaruumiga t\u00f5otab tuua positiivseid tulemusi.<\/p><p>Foto:\u00a0Andreas Saarem<\/p>\t\t\t\t\t\t\t\t<\/div>\n\t\t\t\t\t<\/div>\n\t\t\t\t<\/div>\n\t\t<div class=\"elementor-element elementor-element-73c1cf0 e-flex e-con-boxed e-con e-parent\" data-id=\"73c1cf0\" data-element_type=\"container\" data-e-type=\"container\">\n\t\t\t\t\t<div class=\"e-con-inner\">\n\t\t\t\t<div class=\"elementor-element elementor-element-7b7ba72 elementor-widget elementor-widget-text-editor\" data-id=\"7b7ba72\" data-element_type=\"widget\" data-e-type=\"widget\" data-widget_type=\"text-editor.default\">\n\t\t\t\t\t\t\t\t\t<p class=\"p1\"><span class=\"s1\"><a href=\"https:\/\/www.kinnisvarauudised.ee\/uudised\/2026\/04\/09\/mis-annab-arikinnisvaraturul-konkurentsieelise-siin-on-tahke-enam-kui-uks\" target=\"_blank\" rel=\"noopener\">Mis annab \u00e4rikinnisvaraturul konkurentsieelise? Siin on tahke enam kui \u00fcks<\/a><\/span><\/p><p class=\"p2\">Kogu Mustam\u00e4e S\u00fcdame arhitektid on Ott Kadarik ja Mihkel T\u00fc\u00fcr arhitektuurib\u00fcroost Kadarik T\u00fc\u00fcr Arhitektid O\u00dc (elamutorn), arhitektuurib\u00fcroo Korrus (Tammsaare Tervisemaja), arhitektuurib\u00fcroo Novarc (Mustam\u00e4e Keskus). Ehituspartneriteks on Eventus ja TTP. Uus elamu- ja \u00e4rikeskus valmib kahes etapis aastatel 2026 ja 2027.<\/p><p class=\"p2\">Mustam\u00e4e Keskuse k\u00f5rvale kerkib terviklik elu- ja \u00e4rikvartal, mis \u00fchendab endas tervishoiu, elamispinnad, kaubanduse ning avaliku linnaruumi. \u201eSeni on olnud keeruline \u00fcheselt m\u00e4\u00e4ratleda Mustam\u00e4e linnaosa selget keskust. Uue arendusega kujunebki megakvartali keskmesse Mustam\u00e4e s\u00fcda, kus k\u00f5ik igap\u00e4evaeluks vajalik on mugavalt koondatud \u00fchte piirkonda,\u201d s\u00f5nab Scandium Kinnisvara tegevjuht Maido L\u00fciste. Kvartalisse rajatakse uus tervisemaja, k\u00f5rghoonega elamuarendus ning mitmekesine teenuste ja kaubanduse keskkond.<\/p><p class=\"p2\">\u00dche olulisema osana arendatakse Scandium Kinnisvara poolt piirkonda Tammsaare Tervisemaja \u2013 kuuekorruseline kaasaegne tervisekeskus, mis koondab \u00fche katuse alla SYNLABi, perearstid, hambaravi, taastusravi ja muud tervishoiuteenused, et muuta patsiendi raviteekond v\u00f5imalikult sujuvaks. Samuti on majja kolimas reformer pilatese stuudio, et esmakordselt tuua tervisemajja ka tervise ennetusele suunatud teenused. Lisaks tervisemajale kerkib\u00a0samasse kvartalisse TTP arendatav 24-korruseline tornelamu Manhattan, kuhu tuleb \u00fcle 200 korteri ning kaasaegsed \u00fchiskasutatavad alad, sealhulgas katusepark. Kvartalit t\u00e4iendavad roheala, parkimismaja ning galerii\u00fchendused, mis loovad mugava ja ilmast s\u00f5ltumatu liikumiskeskkonna. Arendustega paralleelselt uueneb ka Mustam\u00e4e Keskus, kuhu lisanduvad uued teenusepakkujad.<\/p>\t\t\t\t\t\t\t\t<\/div>\n\t\t\t\t\t<\/div>\n\t\t\t\t<\/div>\n\t\t<div class=\"elementor-element elementor-element-ce34c4b e-flex e-con-boxed e-con e-parent\" data-id=\"ce34c4b\" data-element_type=\"container\" data-e-type=\"container\">\n\t\t\t\t\t<div class=\"e-con-inner\">\n\t\t\t\t<div class=\"elementor-element elementor-element-98dfdd7 elementor-widget elementor-widget-image\" data-id=\"98dfdd7\" data-element_type=\"widget\" data-e-type=\"widget\" data-widget_type=\"image.default\">\n\t\t\t\t\t\t\t\t\t\t\t\t\t\t\t<img decoding=\"async\" width=\"1024\" height=\"576\" src=\"https:\/\/ttp.ee\/wp-content\/uploads\/2026\/04\/Korterid-Mustamael-1024x576.jpg\" class=\"attachment-large size-large wp-image-4463\" alt=\"\" srcset=\"https:\/\/ttp.ee\/wp-content\/uploads\/2026\/04\/Korterid-Mustamael-1024x576.jpg 1024w, https:\/\/ttp.ee\/wp-content\/uploads\/2026\/04\/Korterid-Mustamael-300x169.jpg 300w, https:\/\/ttp.ee\/wp-content\/uploads\/2026\/04\/Korterid-Mustamael-768x432.jpg 768w, https:\/\/ttp.ee\/wp-content\/uploads\/2026\/04\/Korterid-Mustamael-18x10.jpg 18w, https:\/\/ttp.ee\/wp-content\/uploads\/2026\/04\/Korterid-Mustamael.jpg 1280w\" sizes=\"(max-width: 1024px) 100vw, 1024px\" \/>\t\t\t\t\t\t\t\t\t\t\t\t\t\t\t<\/div>\n\t\t\t\t\t<\/div>\n\t\t\t\t<\/div>\n\t\t<div class=\"elementor-element elementor-element-4a7e4cf e-flex e-con-boxed e-con e-parent\" data-id=\"4a7e4cf\" data-element_type=\"container\" data-e-type=\"container\">\n\t\t\t\t\t<div class=\"e-con-inner\">\n\t\t\t\t<div class=\"elementor-element elementor-element-87c84a5 elementor-widget elementor-widget-text-editor\" data-id=\"87c84a5\" data-element_type=\"widget\" data-e-type=\"widget\" data-widget_type=\"text-editor.default\">\n\t\t\t\t\t\t\t\t\t<p><strong>Arenduses ehituse k\u00e4ib, linnaruum saab t\u00e4iendust.<\/strong><\/p><p>Foto:\u00a0Andreas Saarem<\/p>\t\t\t\t\t\t\t\t<\/div>\n\t\t\t\t\t<\/div>\n\t\t\t\t<\/div>\n\t\t<div class=\"elementor-element elementor-element-56bf45d e-flex e-con-boxed e-con e-parent\" data-id=\"56bf45d\" data-element_type=\"container\" data-e-type=\"container\">\n\t\t\t\t\t<div class=\"e-con-inner\">\n\t\t\t\t<div class=\"elementor-element elementor-element-e25e31b elementor-widget elementor-widget-image\" data-id=\"e25e31b\" data-element_type=\"widget\" data-e-type=\"widget\" data-widget_type=\"image.default\">\n\t\t\t\t\t\t\t\t\t\t\t\t\t\t\t<img decoding=\"async\" width=\"1024\" height=\"576\" src=\"https:\/\/ttp.ee\/wp-content\/uploads\/2026\/04\/uued-korterid-muugiks-1024x576.jpg\" class=\"attachment-large size-large wp-image-4464\" alt=\"\" srcset=\"https:\/\/ttp.ee\/wp-content\/uploads\/2026\/04\/uued-korterid-muugiks-1024x576.jpg 1024w, https:\/\/ttp.ee\/wp-content\/uploads\/2026\/04\/uued-korterid-muugiks-300x169.jpg 300w, https:\/\/ttp.ee\/wp-content\/uploads\/2026\/04\/uued-korterid-muugiks-768x432.jpg 768w, https:\/\/ttp.ee\/wp-content\/uploads\/2026\/04\/uued-korterid-muugiks-18x10.jpg 18w, https:\/\/ttp.ee\/wp-content\/uploads\/2026\/04\/uued-korterid-muugiks.jpg 1280w\" sizes=\"(max-width: 1024px) 100vw, 1024px\" \/>\t\t\t\t\t\t\t\t\t\t\t\t\t\t\t<\/div>\n\t\t\t\t\t<\/div>\n\t\t\t\t<\/div>\n\t\t<div class=\"elementor-element elementor-element-bbcad75 e-flex e-con-boxed e-con e-parent\" data-id=\"bbcad75\" data-element_type=\"container\" data-e-type=\"container\">\n\t\t\t\t\t<div class=\"e-con-inner\">\n\t\t\t\t<div class=\"elementor-element elementor-element-742f724 elementor-widget elementor-widget-text-editor\" data-id=\"742f724\" data-element_type=\"widget\" data-e-type=\"widget\" data-widget_type=\"text-editor.default\">\n\t\t\t\t\t\t\t\t\t<p><strong>Arenduses ehituse k\u00e4ib, linnaruum saab t\u00e4iendust.<\/strong><\/p><p>Foto:\u00a0Andreas Saarem<\/p>\t\t\t\t\t\t\t\t<\/div>\n\t\t\t\t\t<\/div>\n\t\t\t\t<\/div>\n\t\t<div class=\"elementor-element elementor-element-ff716f6 e-flex e-con-boxed e-con e-parent\" data-id=\"ff716f6\" data-element_type=\"container\" data-e-type=\"container\">\n\t\t\t\t\t<div class=\"e-con-inner\">\n\t\t\t\t<div class=\"elementor-element elementor-element-3aa9192 elementor-widget elementor-widget-image\" data-id=\"3aa9192\" data-element_type=\"widget\" data-e-type=\"widget\" data-widget_type=\"image.default\">\n\t\t\t\t\t\t\t\t\t\t\t\t\t\t\t<img loading=\"lazy\" decoding=\"async\" width=\"1024\" height=\"766\" src=\"https:\/\/ttp.ee\/wp-content\/uploads\/2026\/04\/uusarendus-Mustamael-1024x766.jpg\" class=\"attachment-large size-large wp-image-4465\" alt=\"\" srcset=\"https:\/\/ttp.ee\/wp-content\/uploads\/2026\/04\/uusarendus-Mustamael-1024x766.jpg 1024w, https:\/\/ttp.ee\/wp-content\/uploads\/2026\/04\/uusarendus-Mustamael-300x225.jpg 300w, https:\/\/ttp.ee\/wp-content\/uploads\/2026\/04\/uusarendus-Mustamael-768x575.jpg 768w, https:\/\/ttp.ee\/wp-content\/uploads\/2026\/04\/uusarendus-Mustamael-16x12.jpg 16w, https:\/\/ttp.ee\/wp-content\/uploads\/2026\/04\/uusarendus-Mustamael.jpg 1280w\" sizes=\"(max-width: 1024px) 100vw, 1024px\" \/>\t\t\t\t\t\t\t\t\t\t\t\t\t\t\t<\/div>\n\t\t\t\t\t<\/div>\n\t\t\t\t<\/div>\n\t\t<div class=\"elementor-element elementor-element-80dc43c e-flex e-con-boxed e-con e-parent\" data-id=\"80dc43c\" data-element_type=\"container\" data-e-type=\"container\">\n\t\t\t\t\t<div class=\"e-con-inner\">\n\t\t\t\t<div class=\"elementor-element elementor-element-44a77e0 elementor-widget elementor-widget-text-editor\" data-id=\"44a77e0\" data-element_type=\"widget\" data-e-type=\"widget\" data-widget_type=\"text-editor.default\">\n\t\t\t\t\t\t\t\t\t<p><strong>Tulevane terve Mustam\u00e4e S\u00fcdame arendus.<\/strong><\/p><p>Foto:\u00a0Visuaal: Ott Kadarik ja Mihkel T\u00fc\u00fcr arhitektuurib\u00fcroost Kadarik T\u00fc\u00fcr Arhitektid O\u00dc (elamutorn), arhitektuurib\u00fcroo Korrus (Tammsaare Tervisemaja), arhitektuurib\u00fcroo Novarc (Mustam\u00e4e Keskus).<\/p>\t\t\t\t\t\t\t\t<\/div>\n\t\t\t\t\t<\/div>\n\t\t\t\t<\/div>\n\t\t<div class=\"elementor-element elementor-element-b8be42a e-flex e-con-boxed e-con e-parent\" data-id=\"b8be42a\" data-element_type=\"container\" data-e-type=\"container\">\n\t\t\t\t\t<div class=\"e-con-inner\">\n\t\t\t\t<div class=\"elementor-element elementor-element-82e077f elementor-widget elementor-widget-image\" data-id=\"82e077f\" data-element_type=\"widget\" data-e-type=\"widget\" data-widget_type=\"image.default\">\n\t\t\t\t\t\t\t\t\t\t\t\t\t\t\t<img loading=\"lazy\" decoding=\"async\" width=\"1024\" height=\"766\" src=\"https:\/\/ttp.ee\/wp-content\/uploads\/2026\/04\/korter-1024x766.jpg\" class=\"attachment-large size-large wp-image-4466\" alt=\"\" srcset=\"https:\/\/ttp.ee\/wp-content\/uploads\/2026\/04\/korter-1024x766.jpg 1024w, https:\/\/ttp.ee\/wp-content\/uploads\/2026\/04\/korter-300x225.jpg 300w, https:\/\/ttp.ee\/wp-content\/uploads\/2026\/04\/korter-768x575.jpg 768w, https:\/\/ttp.ee\/wp-content\/uploads\/2026\/04\/korter-16x12.jpg 16w, https:\/\/ttp.ee\/wp-content\/uploads\/2026\/04\/korter.jpg 1280w\" sizes=\"(max-width: 1024px) 100vw, 1024px\" \/>\t\t\t\t\t\t\t\t\t\t\t\t\t\t\t<\/div>\n\t\t\t\t\t<\/div>\n\t\t\t\t<\/div>\n\t\t<div class=\"elementor-element elementor-element-7d0dd4d e-flex e-con-boxed e-con e-parent\" data-id=\"7d0dd4d\" data-element_type=\"container\" data-e-type=\"container\">\n\t\t\t\t\t<div class=\"e-con-inner\">\n\t\t\t\t<div class=\"elementor-element elementor-element-458e907 elementor-widget elementor-widget-text-editor\" data-id=\"458e907\" data-element_type=\"widget\" data-e-type=\"widget\" data-widget_type=\"text-editor.default\">\n\t\t\t\t\t\t\t\t\t<ul><li><strong>Tulevane terve Mustam\u00e4e S\u00fcdame arendus.<\/strong><\/li><li>Foto:\u00a0Visuaal: Ott Kadarik ja Mihkel T\u00fc\u00fcr arhitektuurib\u00fcroost Kadarik T\u00fc\u00fcr Arhitektid O\u00dc (elamutorn), arhitektuurib\u00fcroo Korrus (Tammsaare Tervisemaja), arhitektuurib\u00fcroo Novarc (Mustam\u00e4e Keskus).<\/li><\/ul>\t\t\t\t\t\t\t\t<\/div>\n\t\t\t\t\t<\/div>\n\t\t\t\t<\/div>\n\t\t<div class=\"elementor-element elementor-element-6157182 e-flex e-con-boxed e-con e-parent\" data-id=\"6157182\" data-element_type=\"container\" data-e-type=\"container\">\n\t\t\t\t\t<div class=\"e-con-inner\">\n\t\t\t\t<div class=\"elementor-element elementor-element-97c750b elementor-widget elementor-widget-text-editor\" data-id=\"97c750b\" data-element_type=\"widget\" data-e-type=\"widget\" data-widget_type=\"text-editor.default\">\n\t\t\t\t\t\t\t\t\t<p class=\"p1\">Kokku moodustab arendus \u00fcle 55 000 ruutmeetri suuruse tervikliku linnaruumi, mis on \u00fcks suurimaid omataolisi projekte Tallinnas.<\/p><p class=\"p1\">Mustam\u00e4e Manhattanit arendava AS TTP tegevjuhi Peeter Puusepa s\u00f5nul on projekti eesm\u00e4rk muuta Mustam\u00e4e kaasaegseks linnakeskuseks: \u201eLoome Mustam\u00e4ele uue p\u00f5lvkonna linnaruumi, kus tervishoid, kodu, t\u00f6\u00f6 ja vaba aeg on k\u00f5ik \u00fcksteise vahetus l\u00e4heduses. Meie eesm\u00e4rk on pakkuda inimestele v\u00f5imalust lahendada oma igap\u00e4evased vajadused mugavalt \u00fches kohas ning t\u00f5sta kogu piirkonna elukvaliteeti,\u201c \u00fctles Puusepp.<\/p><p class=\"p1\">2027.aastaks valmiv kvartal muudab senise arusaama Mustam\u00e4est kui magalarajoonist, kujundades sellest mitmekesise ja kaasaegse linnakeskkonna.<\/p>\t\t\t\t\t\t\t\t<\/div>\n\t\t\t\t\t<\/div>\n\t\t\t\t<\/div>\n\t\t\t\t<\/div>","protected":false},"excerpt":{"rendered":"<p>See meenutab m\u00f5neti Harju KEKi,\u00a0kes vormib Keilast kui Tallinna magalast iseseisvat \u201eviie kuni seitsme minuti linna\u201c. Mustam\u00e4e S\u00fcdame nime kandva [&hellip;]<\/p>\n","protected":false},"author":4,"featured_media":4465,"comment_status":"open","ping_status":"open","sticky":false,"template":"","format":"standard","meta":{"site-sidebar-layout":"default","site-content-layout":"","ast-site-content-layout":"default","site-content-style":"default","site-sidebar-style":"default","ast-global-header-display":"","ast-banner-title-visibility":"","ast-main-header-display":"","ast-hfb-above-header-display":"","ast-hfb-below-header-display":"","ast-hfb-mobile-header-display":"","site-post-title":"","ast-breadcrumbs-content":"","ast-featured-img":"","footer-sml-layout":"","theme-transparent-header-meta":"","adv-header-id-meta":"","stick-header-meta":"","header-above-stick-meta":"","header-main-stick-meta":"","header-below-stick-meta":"","astra-migrate-meta-layouts":"set","ast-page-background-enabled":"default","ast-page-background-meta":{"desktop":{"background-color":"","background-image":"","background-repeat":"repeat","background-position":"center center","background-size":"auto","background-attachment":"scroll","background-type":"","background-media":"","overlay-type":"","overlay-color":"","overlay-opacity":"","overlay-gradient":""},"tablet":{"background-color":"","background-image":"","background-repeat":"repeat","background-position":"center center","background-size":"auto","background-attachment":"scroll","background-type":"","background-media":"","overlay-type":"","overlay-color":"","overlay-opacity":"","overlay-gradient":""},"mobile":{"background-color":"","background-image":"","background-repeat":"repeat","background-position":"center center","background-size":"auto","background-attachment":"scroll","background-type":"","background-media":"","overlay-type":"","overlay-color":"","overlay-opacity":"","overlay-gradient":""}},"ast-content-background-meta":{"desktop":{"background-color":"var(--ast-global-color-5)","background-image":"","background-repeat":"repeat","background-position":"center center","background-size":"auto","background-attachment":"scroll","background-type":"","background-media":"","overlay-type":"","overlay-color":"","overlay-opacity":"","overlay-gradient":""},"tablet":{"background-color":"var(--ast-global-color-5)","background-image":"","background-repeat":"repeat","background-position":"center center","background-size":"auto","background-attachment":"scroll","background-type":"","background-media":"","overlay-type":"","overlay-color":"","overlay-opacity":"","overlay-gradient":""},"mobile":{"background-color":"var(--ast-global-color-5)","background-image":"","background-repeat":"repeat","background-position":"center center","background-size":"auto","background-attachment":"scroll","background-type":"","background-media":"","overlay-type":"","overlay-color":"","overlay-opacity":"","overlay-gradient":""}},"footnotes":""},"categories":[1],"tags":[],"class_list":["post-4459","post","type-post","status-publish","format-standard","has-post-thumbnail","hentry","category-arendused"],"_links":{"self":[{"href":"https:\/\/ttp.ee\/eng\/wp-json\/wp\/v2\/posts\/4459","targetHints":{"allow":["GET"]}}],"collection":[{"href":"https:\/\/ttp.ee\/eng\/wp-json\/wp\/v2\/posts"}],"about":[{"href":"https:\/\/ttp.ee\/eng\/wp-json\/wp\/v2\/types\/post"}],"author":[{"embeddable":true,"href":"https:\/\/ttp.ee\/eng\/wp-json\/wp\/v2\/users\/4"}],"replies":[{"embeddable":true,"href":"https:\/\/ttp.ee\/eng\/wp-json\/wp\/v2\/comments?post=4459"}],"version-history":[{"count":4,"href":"https:\/\/ttp.ee\/eng\/wp-json\/wp\/v2\/posts\/4459\/revisions"}],"predecessor-version":[{"id":4469,"href":"https:\/\/ttp.ee\/eng\/wp-json\/wp\/v2\/posts\/4459\/revisions\/4469"}],"wp:featuredmedia":[{"embeddable":true,"href":"https:\/\/ttp.ee\/eng\/wp-json\/wp\/v2\/media\/4465"}],"wp:attachment":[{"href":"https:\/\/ttp.ee\/eng\/wp-json\/wp\/v2\/media?parent=4459"}],"wp:term":[{"taxonomy":"category","embeddable":true,"href":"https:\/\/ttp.ee\/eng\/wp-json\/wp\/v2\/categories?post=4459"},{"taxonomy":"post_tag","embeddable":true,"href":"https:\/\/ttp.ee\/eng\/wp-json\/wp\/v2\/tags?post=4459"}],"curies":[{"name":"wp","href":"https:\/\/api.w.org\/{rel}","templated":true}]}}